{"id":6275,"date":"2020-01-31T08:56:52","date_gmt":"2020-01-31T07:56:52","guid":{"rendered":"https:\/\/bebypreeminence.com\/it\/?p=6275"},"modified":"2023-10-06T14:21:51","modified_gmt":"2023-10-06T12:21:51","slug":"capolavori-beby-italy-nel-mondo","status":"publish","type":"post","link":"https:\/\/bebypreeminence.com\/it\/2020\/01\/31\/capolavori-beby-italy-nel-mondo\/","title":{"rendered":"I capolavori Beby nel mondo"},"content":{"rendered":"<div class=\"grid-container\" style=\"max-width: 1280px;\">\n<div class=\"grid-80 push-10\">\n<h1 style=\"padding: 20px 0; text-align: center;\">I CAPOLAVORI BEBY NEL MONDO<br \/>\n<small>L&#8217;imponente lampadario &#8220;Crystal&#8221; in un lussuoso progetto privato<\/small><\/h1>\n<\/div>\n<div class=\"grid-80 push-10\" style=\"padding: 20px 0; text-align: center;\">\n<h4>\u201cIn riferimento all\u2019installazione di un vostro lampadario della collezione crystal, da Voi effettuata il mese scorso nella villa a Morcote (Svizzera) del mio cliente, ho il piacere di esprimervi la massima e completa soddisfazione, dalla fornitura alla messa in opera. Ringraziandovi per l\u2019eccellente professionalit\u00e0 prestataci, porgo i miei migliori saluti.\u201d<\/h4>\n<\/div>\n<\/div>\n<p><!--FINE BLOCCO 1--><\/p>\n<div class=\"grid-container\" style=\"max-width: 1280px;\">\n<div class=\"grid-40 push-10\" style=\"padding-bottom: 20px;\"><img decoding=\"async\" loading=\"lazy\" class=\"aligncenter size-full wp-image-6270\" src=\"https:\/\/bebypreeminence.com\/wp-content\/uploads\/2020\/01\/crystal_chandelier_installation_bebyitaly_01_640x640.jpg\" alt=\"\" width=\"640\" height=\"640\" srcset=\"https:\/\/bebypreeminence.com\/wp-content\/uploads\/2020\/01\/crystal_chandelier_installation_bebyitaly_01_640x640.jpg 640w, https:\/\/bebypreeminence.com\/wp-content\/uploads\/2020\/01\/crystal_chandelier_installation_bebyitaly_01_640x640-150x150.jpg 150w, https:\/\/bebypreeminence.com\/wp-content\/uploads\/2020\/01\/crystal_chandelier_installation_bebyitaly_01_640x640-300x300.jpg 300w\" sizes=\"(max-width: 640px) 100vw, 640px\" \/><\/div>\n<div class=\"grid-40 push-10\" style=\"padding-bottom: 20px;\"><img decoding=\"async\" loading=\"lazy\" class=\"aligncenter size-full wp-image-6273\" src=\"https:\/\/bebypreeminence.com\/wp-content\/uploads\/2020\/01\/crystal_chandelier_installation_bebyitaly_04_640x640.jpg\" alt=\"\" width=\"640\" height=\"640\" srcset=\"https:\/\/bebypreeminence.com\/wp-content\/uploads\/2020\/01\/crystal_chandelier_installation_bebyitaly_04_640x640.jpg 640w, https:\/\/bebypreeminence.com\/wp-content\/uploads\/2020\/01\/crystal_chandelier_installation_bebyitaly_04_640x640-150x150.jpg 150w, https:\/\/bebypreeminence.com\/wp-content\/uploads\/2020\/01\/crystal_chandelier_installation_bebyitaly_04_640x640-300x300.jpg 300w\" sizes=\"(max-width: 640px) 100vw, 640px\" \/><\/div>\n<div class=\"grid-80 push-10\" style=\"padding: 20px 0; text-align: center;\">\n<h4>Queste le parole pervenuteci dall&#8217;architetto: la miglior testimonianza del nostro operato. Lo stesso ci riporta inoltre che al termine dei lavori il cliente si posiziona di fronte all\u2019opera e si commuove alla sua accensione: tanto era la bellezza toccante.<\/h4>\n<p><b>\u201cLa soddisfazione dei nostri clienti \u00e8 la nostra pi\u00f9 grande felicit\u00e0.\u201d<\/b><br \/>\nLa Maison Beby Preeminence.<\/p>\n<\/div>\n<div class=\"clear\"><\/div>\n<div class=\"grid-40 push-10\" style=\"padding-bottom: 20px;\"><img decoding=\"async\" loading=\"lazy\" class=\"aligncenter size-full wp-image-6269\" src=\"https:\/\/bebypreeminence.com\/wp-content\/uploads\/2020\/01\/chandelier_crystal_glass_collection_crystal_bebysince1960_bebyitaly_7410-61_640x640.jpg\" alt=\"\" width=\"640\" height=\"640\" srcset=\"https:\/\/bebypreeminence.com\/wp-content\/uploads\/2020\/01\/chandelier_crystal_glass_collection_crystal_bebysince1960_bebyitaly_7410-61_640x640.jpg 640w, https:\/\/bebypreeminence.com\/wp-content\/uploads\/2020\/01\/chandelier_crystal_glass_collection_crystal_bebysince1960_bebyitaly_7410-61_640x640-150x150.jpg 150w, https:\/\/bebypreeminence.com\/wp-content\/uploads\/2020\/01\/chandelier_crystal_glass_collection_crystal_bebysince1960_bebyitaly_7410-61_640x640-300x300.jpg 300w\" sizes=\"(max-width: 640px) 100vw, 640px\" \/><\/div>\n<div class=\"grid-40 push-10\" style=\"padding-bottom: 20px;\"><img decoding=\"async\" loading=\"lazy\" class=\"aligncenter size-full wp-image-6271\" src=\"https:\/\/bebypreeminence.com\/wp-content\/uploads\/2020\/01\/crystal_chandelier_installation_bebyitaly_02_640x640.jpg\" alt=\"\" width=\"640\" height=\"640\" srcset=\"https:\/\/bebypreeminence.com\/wp-content\/uploads\/2020\/01\/crystal_chandelier_installation_bebyitaly_02_640x640.jpg 640w, https:\/\/bebypreeminence.com\/wp-content\/uploads\/2020\/01\/crystal_chandelier_installation_bebyitaly_02_640x640-150x150.jpg 150w, https:\/\/bebypreeminence.com\/wp-content\/uploads\/2020\/01\/crystal_chandelier_installation_bebyitaly_02_640x640-300x300.jpg 300w\" sizes=\"(max-width: 640px) 100vw, 640px\" \/><\/div>\n<div class=\"grid-80 push-10\" style=\"padding: 20px 0; text-align: center;\">\n<h4>L\u2019altezza di <b>3 metri e mezzo<\/b>, la struttura principale in vetro di Murano e tutti i pendenti in puro cristallo, fanno di questo imponente lampadario un pezzo d\u2019arte e di storia unico nel suo genere. Ogni elemento sovrasta la perfezione simmetrica.<\/h4>\n<\/div>\n<div class=\"clear\"><\/div>\n<div class=\"grid-40 push-10\" style=\"padding-bottom: 20px;\"><img decoding=\"async\" loading=\"lazy\" class=\"aligncenter size-full wp-image-6272\" src=\"https:\/\/bebypreeminence.com\/wp-content\/uploads\/2020\/01\/crystal_chandelier_installation_bebyitaly_03_640x640.jpg\" alt=\"\" width=\"640\" height=\"640\" srcset=\"https:\/\/bebypreeminence.com\/wp-content\/uploads\/2020\/01\/crystal_chandelier_installation_bebyitaly_03_640x640.jpg 640w, https:\/\/bebypreeminence.com\/wp-content\/uploads\/2020\/01\/crystal_chandelier_installation_bebyitaly_03_640x640-150x150.jpg 150w, https:\/\/bebypreeminence.com\/wp-content\/uploads\/2020\/01\/crystal_chandelier_installation_bebyitaly_03_640x640-300x300.jpg 300w\" sizes=\"(max-width: 640px) 100vw, 640px\" \/><\/div>\n<div class=\"grid-40 push-10\" style=\"padding-bottom: 20px;\"><img decoding=\"async\" loading=\"lazy\" class=\"aligncenter size-full wp-image-6274\" src=\"https:\/\/bebypreeminence.com\/wp-content\/uploads\/2020\/01\/crystal_chandelier_installation_bebyitaly_05_640x640.jpg\" alt=\"\" width=\"640\" height=\"640\" srcset=\"https:\/\/bebypreeminence.com\/wp-content\/uploads\/2020\/01\/crystal_chandelier_installation_bebyitaly_05_640x640.jpg 640w, https:\/\/bebypreeminence.com\/wp-content\/uploads\/2020\/01\/crystal_chandelier_installation_bebyitaly_05_640x640-150x150.jpg 150w, https:\/\/bebypreeminence.com\/wp-content\/uploads\/2020\/01\/crystal_chandelier_installation_bebyitaly_05_640x640-300x300.jpg 300w\" sizes=\"(max-width: 640px) 100vw, 640px\" \/><\/div>\n<div class=\"clear\"><\/div>\n<div class=\"grid-80 push-10\" style=\"padding: 30px 0 30px 0;\"><img decoding=\"async\" loading=\"lazy\" class=\"aligncenter size-full wp-image-400\" src=\"https:\/\/bebypreeminence.com\/wp-content\/uploads\/2019\/03\/frame.png\" alt=\"\" width=\"1080\" height=\"35\" srcset=\"https:\/\/bebypreeminence.com\/wp-content\/uploads\/2019\/03\/frame.png 1080w, https:\/\/bebypreeminence.com\/wp-content\/uploads\/2019\/03\/frame-300x10.png 300w, https:\/\/bebypreeminence.com\/wp-content\/uploads\/2019\/03\/frame-768x25.png 768w, https:\/\/bebypreeminence.com\/wp-content\/uploads\/2019\/03\/frame-1024x33.png 1024w\" sizes=\"(max-width: 1080px) 100vw, 1080px\" \/><\/div>\n<div class=\"clear\"><\/div>\n<div class=\"grid-80 push-10\" style=\"padding: 20px 0; text-align: center;\"><button class=\"info\"><a style=\"color: #ffffff;\" href=\"https:\/\/bebypreeminence.com\/it\/contact\" target=\"_self\" rel=\"noopener\">CONTATTACI PER MAGGIORI INFORMAZIONI<\/a><\/button><\/div>\n<\/div>\n<p><!--FINE BLOCCO 2--><\/p>\n","protected":false},"excerpt":{"rendered":"<p>I CAPOLAVORI BEBY NEL MONDO L&#8217;imponente lampadario &#8220;Crystal&#8221; in un lussuoso progetto privato \u201cIn riferimento all\u2019installazione di un vostro lampadario della collezione crystal, da Voi effettuata il mese scorso nella villa a Morcote (Svizzera) del mio cliente, ho il piacere di esprimervi la massima e completa soddisfazione, dalla fornitura alla messa in opera. Ringraziandovi per &#8230; <a title=\"I capolavori Beby nel mondo\" class=\"read-more\" href=\"https:\/\/bebypreeminence.com\/it\/2020\/01\/31\/capolavori-beby-italy-nel-mondo\/\">Read more<\/a><\/p>\n","protected":false},"author":1,"featured_media":0,"comment_status":"closed","ping_status":"closed","sticky":false,"template":"","format":"standard","meta":{"footnotes":""},"categories":[111],"tags":[],"aioseo_notices":[],"_links":{"self":[{"href":"https:\/\/bebypreeminence.com\/it\/wp-json\/wp\/v2\/posts\/6275"}],"collection":[{"href":"https:\/\/bebypreeminence.com\/it\/wp-json\/wp\/v2\/posts"}],"about":[{"href":"https:\/\/bebypreeminence.com\/it\/wp-json\/wp\/v2\/types\/post"}],"author":[{"embeddable":true,"href":"https:\/\/bebypreeminence.com\/it\/wp-json\/wp\/v2\/users\/1"}],"replies":[{"embeddable":true,"href":"https:\/\/bebypreeminence.com\/it\/wp-json\/wp\/v2\/comments?post=6275"}],"version-history":[{"count":4,"href":"https:\/\/bebypreeminence.com\/it\/wp-json\/wp\/v2\/posts\/6275\/revisions"}],"predecessor-version":[{"id":10116,"href":"https:\/\/bebypreeminence.com\/it\/wp-json\/wp\/v2\/posts\/6275\/revisions\/10116"}],"wp:attachment":[{"href":"https:\/\/bebypreeminence.com\/it\/wp-json\/wp\/v2\/media?parent=6275"}],"wp:term":[{"taxonomy":"category","embeddable":true,"href":"https:\/\/bebypreeminence.com\/it\/wp-json\/wp\/v2\/categories?post=6275"},{"taxonomy":"post_tag","embeddable":true,"href":"https:\/\/bebypreeminence.com\/it\/wp-json\/wp\/v2\/tags?post=6275"}],"curies":[{"name":"wp","href":"https:\/\/api.w.org\/{rel}","templated":true}]}}